{"id":93,"__str__":"Indica\u00e7\u00e3o n\u00ba 13 de 2026","link_detail_backend":"/materia/93","metadata":{},"numero":13,"ano":2026,"numero_protocolo":16,"data_apresentacao":"2026-03-12","tipo_apresentacao":"E","data_publicacao":null,"numero_origem_externa":"","ano_origem_externa":null,"data_origem_externa":null,"apelido":"","dias_prazo":null,"data_fim_prazo":null,"em_tramitacao":false,"polemica":false,"objeto":"","complementar":false,"ementa":"Disp\u00f5e sobre o pedido ao Poder Executivo Municipal de Turu\u00e7u, para coloca\u00e7\u00e3o de placas de sinaliza\u00e7\u00e3o na Estrada Col\u00f4nia S\u00e3o Domingos, em nossa zona urbana.","indexacao":"","observacao":"","resultado":"","texto_original":"http://sapl.turucu.rs.leg.br/media/sapl/public/materialegislativa/2026/93/indicacao_no_13_-_placas_de_sinalizacao_-_extremo_sabor.pdf","data_ultima_atualizacao":"2026-03-25T13:22:34.089062-03:00","ip":"170.79.73.14","ultima_edicao":"2026-03-25T13:22:34.086838-03:00","tipo":8,"regime_tramitacao":1,"tipo_origem_externa":null,"local_origem_externa":null,"user":26,"anexadas":[],"autores":[29,35]}