{"id":102,"__str__":"Pedido de Provid\u00eancia n\u00ba 1 de 2026","link_detail_backend":"/materia/102","metadata":{},"numero":1,"ano":2026,"numero_protocolo":37,"data_apresentacao":"2026-03-26","tipo_apresentacao":"E","data_publicacao":null,"numero_origem_externa":"","ano_origem_externa":null,"data_origem_externa":null,"apelido":"","dias_prazo":null,"data_fim_prazo":null,"em_tramitacao":false,"polemica":false,"objeto":"","complementar":false,"ementa":"Disp\u00f5e sobre o pedido ao Poder Executivo Municipal de Turu\u00e7u, para que seja realizada a instala\u00e7\u00e3o de abrigo de \u00f4nibus na Col\u00f4nia S\u00e3o Jo\u00e3o Curto, nas proximidades da resid\u00eancia do morador Rui Holz.","indexacao":"","observacao":"","resultado":"","texto_original":"http://sapl.turucu.rs.leg.br/media/sapl/public/materialegislativa/2026/102/01_ped_prov_-_abrigo__-_marcelo.pdf","data_ultima_atualizacao":"2026-03-31T09:15:13.383532-03:00","ip":"170.79.73.14","ultima_edicao":"2026-03-31T09:15:13.227169-03:00","tipo":23,"regime_tramitacao":1,"tipo_origem_externa":null,"local_origem_externa":null,"user":26,"anexadas":[],"autores":[32]}